{"id":7788,"date":"2025-06-04T19:34:27","date_gmt":"2025-06-04T17:34:27","guid":{"rendered":"https:\/\/aseva.es\/el-vacio-un-libro-a-proposito-de-la-nada\/"},"modified":"2025-06-04T19:52:01","modified_gmt":"2025-06-04T17:52:01","slug":"el-vacio-un-libro-a-proposito-de-la-nada","status":"publish","type":"post","link":"https:\/\/aseva.es\/es\/el-vacio-un-libro-a-proposito-de-la-nada\/","title":{"rendered":"El vac\u00edo: un libro a prop\u00f3sito de la nada"},"content":{"rendered":"<p>[et_pb_section fb_built=\u00bb1&#8243; specialty=\u00bbon\u00bb admin_label=\u00bbHeader &#038; Ebook Info\u00bb _builder_version=\u00bb4.27.4&#8243; _module_preset=\u00bbdefault\u00bb collapsed=\u00bboff\u00bb global_colors_info=\u00bb{}\u00bb][et_pb_column type=\u00bb1_2&#8243; specialty_columns=\u00bb2&#8243; _builder_version=\u00bb4.16&#8243; _module_preset=\u00bbdefault\u00bb custom_padding=\u00bb|||\u00bb global_colors_info=\u00bb{}\u00bb custom_padding__hover=\u00bb|||\u00bb][et_pb_row_inner _builder_version=\u00bb4.25.1&#8243; _module_preset=\u00bbdefault\u00bb global_colors_info=\u00bb{}\u00bb][et_pb_column_inner saved_specialty_column_type=\u00bb1_2&#8243; _builder_version=\u00bb4.25.1&#8243; _module_preset=\u00bbdefault\u00bb global_colors_info=\u00bb{}\u00bb][et_pb_heading title=\u00bbJos\u00e9 \u00c1ngel Mart\u00edn Gago\u00bb _builder_version=\u00bb4.27.4&#8243; _module_preset=\u00bb8daff9fc-5071-48c2-9613-7ce6c6d342c8&#8243; title_font=\u00bb||||||||\u00bb locked=\u00bboff\u00bb global_colors_info=\u00bb{}\u00bb][\/et_pb_heading][et_pb_heading title=\u00bbEl vac\u00edo: un libro a prop\u00f3sito de la nada\u00bb _builder_version=\u00bb4.27.4&#8243; _module_preset=\u00bbc24fdd27-c224-4dab-9943-b31e34c6141e\u00bb title_font=\u00bb||||||||\u00bb custom_margin=\u00bb||10px||false|false\u00bb locked=\u00bboff\u00bb global_colors_info=\u00bb{}\u00bb][\/et_pb_heading][et_pb_text _builder_version=\u00bb4.27.4&#8243; _module_preset=\u00bbdefault\u00bb hover_enabled=\u00bb0&#8243; sticky_enabled=\u00bb0&#8243;]<\/p>\n<p class=\"ficha\"><strong>A\u00f1o de publicaci\u00f3n: <\/strong>2021<\/p>\n<p class=\"ficha\"><strong>Idioma: <\/strong>espa\u00f1ol<\/p>\n<p class=\"ficha\"><strong>Materias: <\/strong><a class=\"olvido\" href=\"http:\/\/libros.csic.es\/index.php?cPath=77&amp;PHPSESSID=50486c17a9441b7a55b94a3301b81677\" target=\"_blank\" rel=\"noopener\">Ciencia y Tecnolog\u00eda<\/a>, <a class=\"olvido\" href=\"http:\/\/libros.csic.es\/index.php?cPath=137&amp;PHPSESSID=50486c17a9441b7a55b94a3301b81677\" target=\"_blank\" rel=\"noopener\">Divulgaci\u00f3n cient\u00edfica<\/a><\/p>\n<p class=\"ficha\"><strong>Colecci\u00f3n: <\/strong><a class=\"olvido\" href=\"http:\/\/libros.csic.es\/index.php?cPath=138&amp;PHPSESSID=50486c17a9441b7a55b94a3301b81677\" target=\"_blank\" rel=\"noopener\">\u00bfQu\u00e9 sabemos de?<\/a><\/p>\n<p>[\/et_pb_text][et_pb_button button_url=\u00bbhttp:\/\/libros.csic.es\/product_info.php?products_id=1559&#8243; url_new_window=\u00bbon\u00bb button_text=\u00bbComprar\u00bb _builder_version=\u00bb4.27.4&#8243; _module_preset=\u00bb29927da8-93e4-4039-9083-069a64023c83&#8243; button_bg_color=\u00bb#0C71C3&#8243; global_colors_info=\u00bb{}\u00bb][\/et_pb_button][\/et_pb_column_inner][\/et_pb_row_inner][\/et_pb_column][et_pb_column type=\u00bb1_2&#8243; _builder_version=\u00bb4.16&#8243; _module_preset=\u00bbdefault\u00bb custom_padding=\u00bb|||\u00bb global_colors_info=\u00bb{}\u00bb custom_padding__hover=\u00bb|||\u00bb][et_pb_image src=\u00bbhttps:\/\/aseva.es\/wp-content\/uploads\/2025\/06\/El-vacio-un-libro-a-proposito-de-la-nada.jpg\u00bb title_text=\u00bbEl vacio DEF.indd\u00bb _builder_version=\u00bb4.27.4&#8243; _module_preset=\u00bbdefault\u00bb max_height=\u00bb400px\u00bb box_shadow_style=\u00bbpreset3&#8243; box_shadow_horizontal=\u00bb10px\u00bb box_shadow_vertical=\u00bb40px\u00bb box_shadow_blur=\u00bb40px\u00bb box_shadow_spread=\u00bb10px\u00bb box_shadow_color=\u00bbrgba(0,0,0,0.11)\u00bb locked=\u00bboff\u00bb global_colors_info=\u00bb{}\u00bb][\/et_pb_image][\/et_pb_column][\/et_pb_section][et_pb_section fb_built=\u00bb1&#8243; admin_label=\u00bbEbook Details\u00bb _builder_version=\u00bb4.27.4&#8243; _module_preset=\u00bbdefault\u00bb background_enable_color=\u00bboff\u00bb collapsed=\u00bboff\u00bb global_colors_info=\u00bb{%22gcid-545c17f1-4e53-478d-9e2b-03daafc524a2%22:%91%22background_color%22%93}\u00bb][et_pb_row _builder_version=\u00bb4.25.1&#8243; _module_preset=\u00bbdefault\u00bb global_colors_info=\u00bb{}\u00bb][et_pb_column type=\u00bb4_4&#8243; _builder_version=\u00bb4.25.1&#8243; _module_preset=\u00bbdefault\u00bb global_colors_info=\u00bb{}\u00bb][et_pb_text _builder_version=\u00bb4.27.4&#8243; _module_preset=\u00bbd96a62c3-6201-4b7b-b05b-10325e741d46&#8243; global_colors_info=\u00bb{}\u00bb]<\/p>\n<p class=\"prod_resu\"><strong>Resumen:<\/strong><\/p>\n<p class=\"prod_resu\">Comprender el vac\u00edo ha sido una de las aventuras m\u00e1s apasionantes del conocimiento humano. Desde los tiempos m\u00e1s antiguos, la idea de estudiar algo que no existe entusiasm\u00f3 a fil\u00f3sofos, cient\u00edficos y artistas. Arist\u00f3teles acu\u00f1\u00f3 el t\u00e9rmino <i>horror vacui<\/i> para referirse al hecho de que la naturaleza intenta llenar todo el espacio disponible. La f\u00edsica ha ido desafiando esta visi\u00f3n, y el concepto de <i>vac\u00edo<\/i> ha evolucionado desde una entelequia hasta una tecnolog\u00eda capaz de mover millones de euros. Gracias a ello disponemos hoy en d\u00eda de alimentos que se conservan mejor, luz el\u00e9ctrica, nuevos f\u00e1rmacos o dispositivos electr\u00f3nicos. Desde el punto de vista cient\u00edfico, el vac\u00edo es un elemento clave para comprender el funcionamiento de grandes instalaciones como los aceleradores de part\u00edculas o multitud de procesos que ocurren en el espacio. Sin embargo, a pesar de todos estos avances, la ciencia actual cuestiona que pueda existir un vac\u00edo absoluto y se conoce muy poco sobre su naturaleza \u00faltima. Este libro pretende introducir al lector en el significado de este concepto a trav\u00e9s de un paseo por la historia del pensamiento que nos mostrar\u00e1 cu\u00e1l ha sido su evoluci\u00f3n, c\u00f3mo se ha ido materializando en tecnolog\u00edas que han cambiado la forma de vida de la sociedad y cu\u00e1les son los retos cient\u00edficos y tecnol\u00f3gicos m\u00e1s actuales.       <\/p>\n<p>[\/et_pb_text][\/et_pb_column][\/et_pb_row][\/et_pb_section]<\/p>\n","protected":false},"excerpt":{"rendered":"<p>A\u00f1o de publicaci\u00f3n: 2021 Idioma: espa\u00f1ol Materias: Ciencia y Tecnolog\u00eda, Divulgaci\u00f3n cient\u00edfica Colecci\u00f3n: \u00bfQu\u00e9 sabemos de?Resumen: Comprender el vac\u00edo ha sido una de las aventuras m\u00e1s apasionantes del conocimiento humano. [&hellip;]<\/p>\n","protected":false},"author":3,"featured_media":0,"comment_status":"closed","ping_status":"open","sticky":false,"template":"","format":"standard","meta":{"_et_pb_use_builder":"on","_et_pb_old_content":"","_et_gb_content_width":"","_EventAllDay":false,"_EventTimezone":"","_EventStartDate":"","_EventEndDate":"","_EventStartDateUTC":"","_EventEndDateUTC":"","_EventShowMap":false,"_EventShowMapLink":false,"_EventURL":"","_EventCost":"","_EventCostDescription":"","_EventCurrencySymbol":"","_EventCurrencyCode":"","_EventCurrencyPosition":"","_EventDateTimeSeparator":"","_EventTimeRangeSeparator":"","_EventOrganizerID":[],"_EventVenueID":[],"_OrganizerEmail":"","_OrganizerPhone":"","_OrganizerWebsite":"","_VenueAddress":"","_VenueCity":"","_VenueCountry":"","_VenueProvince":"","_VenueState":"","_VenueZip":"","_VenuePhone":"","_VenueURL":"","_VenueStateProvince":"","_VenueLat":"","_VenueLng":"","_VenueShowMap":false,"_VenueShowMapLink":false,"footnotes":""},"categories":[255],"tags":[],"class_list":["post-7788","post","type-post","status-publish","format-standard","hentry","category-libro"],"_links":{"self":[{"href":"https:\/\/aseva.es\/es\/wp-json\/wp\/v2\/posts\/7788","targetHints":{"allow":["GET"]}}],"collection":[{"href":"https:\/\/aseva.es\/es\/wp-json\/wp\/v2\/posts"}],"about":[{"href":"https:\/\/aseva.es\/es\/wp-json\/wp\/v2\/types\/post"}],"author":[{"embeddable":true,"href":"https:\/\/aseva.es\/es\/wp-json\/wp\/v2\/users\/3"}],"replies":[{"embeddable":true,"href":"https:\/\/aseva.es\/es\/wp-json\/wp\/v2\/comments?post=7788"}],"version-history":[{"count":14,"href":"https:\/\/aseva.es\/es\/wp-json\/wp\/v2\/posts\/7788\/revisions"}],"predecessor-version":[{"id":7810,"href":"https:\/\/aseva.es\/es\/wp-json\/wp\/v2\/posts\/7788\/revisions\/7810"}],"wp:attachment":[{"href":"https:\/\/aseva.es\/es\/wp-json\/wp\/v2\/media?parent=7788"}],"wp:term":[{"taxonomy":"category","embeddable":true,"href":"https:\/\/aseva.es\/es\/wp-json\/wp\/v2\/categories?post=7788"},{"taxonomy":"post_tag","embeddable":true,"href":"https:\/\/aseva.es\/es\/wp-json\/wp\/v2\/tags?post=7788"}],"curies":[{"name":"wp","href":"https:\/\/api.w.org\/{rel}","templated":true}]}}