{"id":7622,"date":"2025-03-05T20:34:51","date_gmt":"2025-03-05T19:34:51","guid":{"rendered":"https:\/\/aseva.es\/ibertriva-2025\/"},"modified":"2025-03-05T20:38:42","modified_gmt":"2025-03-05T19:38:42","slug":"ibertriva-2025","status":"publish","type":"post","link":"https:\/\/aseva.es\/es\/ibertriva-2025\/","title":{"rendered":"IBERTRIVA 2025"},"content":{"rendered":"<p>[et_pb_section fb_built=\u00bb1&#8243; _builder_version=\u00bb4.24.2&#8243; _module_preset=\u00bbdefault\u00bb global_colors_info=\u00bb{}\u00bb][et_pb_row _builder_version=\u00bb4.24.2&#8243; _module_preset=\u00bbdefault\u00bb global_colors_info=\u00bb{}\u00bb][et_pb_column type=\u00bb4_4&#8243; _builder_version=\u00bb4.24.2&#8243; _module_preset=\u00bbdefault\u00bb global_colors_info=\u00bb{}\u00bb][et_pb_text _builder_version=\u00bb4.27.4&#8243; _module_preset=\u00bbdefault\u00bb hover_enabled=\u00bb0&#8243; global_colors_info=\u00bb{}\u00bb sticky_enabled=\u00bb0&#8243;]<\/p>\n<h3><strong>17-18 de junio de 2025. Coimbra, Portugal.<\/strong><\/h3>\n<h4><strong>Simposio conjunto de IBERTRIB y RIVA 2025: Uniendo la Tribolog\u00eda y la Ciencia del Vac\u00edo.<\/strong><\/h4>\n<p><strong>IBERTRIB es un simposio bienal que re\u00fane a investigadores que trabajan en Tribolog\u00eda de Espa\u00f1a y Portugal, cambiando la ubicaci\u00f3n entre ambos pa\u00edses. Asimismo, las Sociedades Espa\u00f1ola y Portuguesa de Vacuumolog\u00eda (ASEVA y SOPORVAC) organizan cada dos a\u00f1os la conferencia RIVA.<\/strong><\/p>\n<p>En la edici\u00f3n de 2025, ambos encuentros, XIII Conferencia Ib\u00e9rica de Tribolog\u00eda &#8211; IBERTRIB 2025 y XIII Conferencia Ib\u00e9rica de Vac\u00edo &#8211; RIVA 2025, se celebran simult\u00e1neamente como el evento IBERTRIVA2025 en un lugar encantador, la bonita ciudad de Coimbra, organizado por el CEMMPRE &#8211; Centro de Ingenier\u00eda Mec\u00e1nica, Materiales y Procesos del Departamento de Ingenier\u00eda Mec\u00e1nica de la Universidad de Coimbra. Se celebrar\u00e1 una sesi\u00f3n especial dirigida por la Red Europea de Investigaci\u00f3n Mobility GT, centrada en los retos de las superficies e interfaces relacionadas con la movilidad ecol\u00f3gica sostenible. Esta ser\u00eda una oportunidad especial para reunir a cient\u00edficos de ambas comunidades, la acad\u00e9mica y la industrial, compartiendo sus resultados, avances y nuevos retos.<\/p>\n<h3>.<\/h3>\n<p>[\/et_pb_text][et_pb_button button_url=\u00bbhttps:\/\/www.uc.pt\/events\/ibertriva2025\/\u00bb url_new_window=\u00bbon\u00bb button_text=\u00bbIBERTRIVA 2025&#8243; _builder_version=\u00bb4.27.4&#8243; _module_preset=\u00bbdefault\u00bb background_layout=\u00bbdark\u00bb hover_enabled=\u00bb0&#8243; global_colors_info=\u00bb{}\u00bb sticky_enabled=\u00bb0&#8243;][\/et_pb_button][\/et_pb_column][\/et_pb_row][\/et_pb_section]<\/p>\n","protected":false},"excerpt":{"rendered":"<p>17-18 de junio de 2025. Coimbra, Portugal. Simposio conjunto de IBERTRIB y RIVA 2025: Uniendo la Tribolog\u00eda y la Ciencia del Vac\u00edo. IBERTRIB es un simposio bienal que re\u00fane a [&hellip;]<\/p>\n","protected":false},"author":3,"featured_media":7593,"comment_status":"closed","ping_status":"open","sticky":false,"template":"","format":"standard","meta":{"_et_pb_use_builder":"on","_et_pb_old_content":"","_et_gb_content_width":"","_EventAllDay":false,"_EventTimezone":"","_EventStartDate":"","_EventEndDate":"","_EventStartDateUTC":"","_EventEndDateUTC":"","_EventShowMap":false,"_EventShowMapLink":false,"_EventURL":"","_EventCost":"","_EventCostDescription":"","_EventCurrencySymbol":"","_EventCurrencyCode":"","_EventCurrencyPosition":"","_EventDateTimeSeparator":"","_EventTimeRangeSeparator":"","_EventOrganizerID":[],"_EventVenueID":[],"_OrganizerEmail":"","_OrganizerPhone":"","_OrganizerWebsite":"","_VenueAddress":"","_VenueCity":"","_VenueCountry":"","_VenueProvince":"","_VenueState":"","_VenueZip":"","_VenuePhone":"","_VenueURL":"","_VenueStateProvince":"","_VenueLat":"","_VenueLng":"","_VenueShowMap":false,"_VenueShowMapLink":false,"footnotes":""},"categories":[232,236],"tags":[],"class_list":["post-7622","post","type-post","status-publish","format-standard","has-post-thumbnail","hentry","category-evento","category-noticias"],"_links":{"self":[{"href":"https:\/\/aseva.es\/es\/wp-json\/wp\/v2\/posts\/7622","targetHints":{"allow":["GET"]}}],"collection":[{"href":"https:\/\/aseva.es\/es\/wp-json\/wp\/v2\/posts"}],"about":[{"href":"https:\/\/aseva.es\/es\/wp-json\/wp\/v2\/types\/post"}],"author":[{"embeddable":true,"href":"https:\/\/aseva.es\/es\/wp-json\/wp\/v2\/users\/3"}],"replies":[{"embeddable":true,"href":"https:\/\/aseva.es\/es\/wp-json\/wp\/v2\/comments?post=7622"}],"version-history":[{"count":2,"href":"https:\/\/aseva.es\/es\/wp-json\/wp\/v2\/posts\/7622\/revisions"}],"predecessor-version":[{"id":7624,"href":"https:\/\/aseva.es\/es\/wp-json\/wp\/v2\/posts\/7622\/revisions\/7624"}],"wp:featuredmedia":[{"embeddable":true,"href":"https:\/\/aseva.es\/es\/wp-json\/wp\/v2\/media\/7593"}],"wp:attachment":[{"href":"https:\/\/aseva.es\/es\/wp-json\/wp\/v2\/media?parent=7622"}],"wp:term":[{"taxonomy":"category","embeddable":true,"href":"https:\/\/aseva.es\/es\/wp-json\/wp\/v2\/categories?post=7622"},{"taxonomy":"post_tag","embeddable":true,"href":"https:\/\/aseva.es\/es\/wp-json\/wp\/v2\/tags?post=7622"}],"curies":[{"name":"wp","href":"https:\/\/api.w.org\/{rel}","templated":true}]}}