{"id":7274,"date":"2024-12-12T08:56:17","date_gmt":"2024-12-12T07:56:17","guid":{"rendered":"https:\/\/aseva.es\/celebramos-el-legado-de-jose-luis-de-segovia\/"},"modified":"2024-12-13T09:00:19","modified_gmt":"2024-12-13T08:00:19","slug":"celebramos-el-legado-de-jose-luis-de-segovia","status":"publish","type":"post","link":"https:\/\/aseva.es\/es\/celebramos-el-legado-de-jose-luis-de-segovia\/","title":{"rendered":"Celebramos el legado de Jos\u00e9 Luis de Segovia"},"content":{"rendered":"<p>[et_pb_section fb_built=\u00bb1&#8243; _builder_version=\u00bb4.24.2&#8243; _module_preset=\u00bbdefault\u00bb global_colors_info=\u00bb{}\u00bb][et_pb_row _builder_version=\u00bb4.24.2&#8243; _module_preset=\u00bbdefault\u00bb global_colors_info=\u00bb{}\u00bb][et_pb_column type=\u00bb4_4&#8243; _builder_version=\u00bb4.24.2&#8243; _module_preset=\u00bbdefault\u00bb global_colors_info=\u00bb{}\u00bb][et_pb_text _builder_version=\u00bb4.27.3&#8243; _module_preset=\u00bbdefault\u00bb global_colors_info=\u00bb{}\u00bb]<\/p>\n<div class=\"et_pb_module et_pb_text et_pb_text_1 et_pb_text_align_left et_pb_bg_layout_light\">\n<p><strong>Jos\u00e9 Luis de Segovia<\/strong>, figura clave en la historia de la Asociaci\u00f3n Espa\u00f1ola de Vac\u00edo (ASEVA), dedic\u00f3 su vida a la promoci\u00f3n y desarrollo de la ciencia del vac\u00edo. Como secretario fundador (1963-1986), presidente de ASEVA (1986-1999) y presidente honor\u00edfico desde el a\u00f1o 2000, su impacto es incalculable. Adem\u00e1s, su liderazgo internacional como presidente de la IUVSTA (1989-1992) fortaleci\u00f3 los lazos globales en este campo.  <\/p>\n<p>Una de sus grandes iniciativas fue promover la hermandad entre las sociedades de vac\u00edo de Espa\u00f1a y Portugal, que dio origen al \u00abEncuentro Ib\u00e9rico del Vac\u00edo\u00bb (RIVA).<\/p>\n<p>Hoy, 12 de diciembre de 2024, a las 17 h, nos reunimos en la Librer\u00eda Cient\u00edfica del CSIC (Calle Serrano 123, Madrid) para honrar su legado en la presentaci\u00f3n del libro Historia del Vac\u00edo, de Jos\u00e9 Luis de Segovia.<\/p>\n<p>\u00a1Acomp\u00e1\u00f1anos en este homenaje a una figura tan importante para ASEVA y para la comunidad cient\u00edfica!<\/p>\n<\/div>\n<p>[\/et_pb_text][\/et_pb_column][\/et_pb_row][\/et_pb_section]<\/p>\n","protected":false},"excerpt":{"rendered":"<p>Jos\u00e9 Luis de Segovia, figura clave en la historia de la Asociaci\u00f3n Espa\u00f1ola de Vac\u00edo (ASEVA), dedic\u00f3 su vida a la promoci\u00f3n y desarrollo de la ciencia del vac\u00edo. Como [&hellip;]<\/p>\n","protected":false},"author":3,"featured_media":7270,"comment_status":"closed","ping_status":"open","sticky":false,"template":"","format":"standard","meta":{"_et_pb_use_builder":"on","_et_pb_old_content":"","_et_gb_content_width":"","_EventAllDay":false,"_EventTimezone":"","_EventStartDate":"","_EventEndDate":"","_EventStartDateUTC":"","_EventEndDateUTC":"","_EventShowMap":false,"_EventShowMapLink":false,"_EventURL":"","_EventCost":"","_EventCostDescription":"","_EventCurrencySymbol":"","_EventCurrencyCode":"","_EventCurrencyPosition":"","_EventDateTimeSeparator":"","_EventTimeRangeSeparator":"","_EventOrganizerID":[],"_EventVenueID":[],"_OrganizerEmail":"","_OrganizerPhone":"","_OrganizerWebsite":"","_VenueAddress":"","_VenueCity":"","_VenueCountry":"","_VenueProvince":"","_VenueState":"","_VenueZip":"","_VenuePhone":"","_VenueURL":"","_VenueStateProvince":"","_VenueLat":"","_VenueLng":"","_VenueShowMap":false,"_VenueShowMapLink":false,"footnotes":""},"categories":[236],"tags":[],"class_list":["post-7274","post","type-post","status-publish","format-standard","has-post-thumbnail","hentry","category-noticias"],"_links":{"self":[{"href":"https:\/\/aseva.es\/es\/wp-json\/wp\/v2\/posts\/7274","targetHints":{"allow":["GET"]}}],"collection":[{"href":"https:\/\/aseva.es\/es\/wp-json\/wp\/v2\/posts"}],"about":[{"href":"https:\/\/aseva.es\/es\/wp-json\/wp\/v2\/types\/post"}],"author":[{"embeddable":true,"href":"https:\/\/aseva.es\/es\/wp-json\/wp\/v2\/users\/3"}],"replies":[{"embeddable":true,"href":"https:\/\/aseva.es\/es\/wp-json\/wp\/v2\/comments?post=7274"}],"version-history":[{"count":2,"href":"https:\/\/aseva.es\/es\/wp-json\/wp\/v2\/posts\/7274\/revisions"}],"predecessor-version":[{"id":7276,"href":"https:\/\/aseva.es\/es\/wp-json\/wp\/v2\/posts\/7274\/revisions\/7276"}],"wp:featuredmedia":[{"embeddable":true,"href":"https:\/\/aseva.es\/es\/wp-json\/wp\/v2\/media\/7270"}],"wp:attachment":[{"href":"https:\/\/aseva.es\/es\/wp-json\/wp\/v2\/media?parent=7274"}],"wp:term":[{"taxonomy":"category","embeddable":true,"href":"https:\/\/aseva.es\/es\/wp-json\/wp\/v2\/categories?post=7274"},{"taxonomy":"post_tag","embeddable":true,"href":"https:\/\/aseva.es\/es\/wp-json\/wp\/v2\/tags?post=7274"}],"curies":[{"name":"wp","href":"https:\/\/api.w.org\/{rel}","templated":true}]}}