{"id":7010,"date":"2024-08-30T17:47:39","date_gmt":"2024-08-30T15:47:39","guid":{"rendered":"https:\/\/aseva.es\/essri-energia-para-la-ciencia-sostenible-en-infraestructuras-de-investigacion\/"},"modified":"2024-09-03T19:27:29","modified_gmt":"2024-09-03T17:27:29","slug":"essri-energia-para-la-ciencia-sostenible-en-infraestructuras-de-investigacion","status":"publish","type":"post","link":"https:\/\/aseva.es\/es\/essri-energia-para-la-ciencia-sostenible-en-infraestructuras-de-investigacion\/","title":{"rendered":"ESSRI, Energ\u00eda para la Ciencia Sostenible en Infraestructuras de Investigaci\u00f3n"},"content":{"rendered":"<p>[et_pb_section fb_built=\u00bb1&#8243; _builder_version=\u00bb4.24.2&#8243; _module_preset=\u00bbdefault\u00bb global_colors_info=\u00bb{}\u00bb][et_pb_row _builder_version=\u00bb4.24.2&#8243; _module_preset=\u00bbdefault\u00bb global_colors_info=\u00bb{}\u00bb][et_pb_column type=\u00bb4_4&#8243; _builder_version=\u00bb4.24.2&#8243; _module_preset=\u00bbdefault\u00bb global_colors_info=\u00bb{}\u00bb][et_pb_text _builder_version=\u00bb4.27.0&#8243; _module_preset=\u00bbdefault\u00bb global_colors_info=\u00bb{}\u00bb]<\/p>\n<div class=\"et_pb_module et_pb_text et_pb_text_1 et_pb_text_align_left et_pb_bg_layout_light\">\n<p>CIEMAT, en colaboraci\u00f3n con CERN, ESRF, DESY, PSI, ESS y ERF, organizar\u00e1 el S\u00e9ptimo Taller sobre Energ\u00eda para la Ciencia Sostenible en Infraestructuras de Investigaci\u00f3n en Madrid del 25 al 27 de septiembre de 2024. Este evento sigue la tradici\u00f3n de talleres anteriores organizados por ESS (2011), CERN (2013), DESY (2015), ELI-NP (2017), PSI (2019) y ESRF (2022). <br \/>El objetivo del taller es identificar los retos t\u00e9cnicos y estrat\u00e9gicos para desarrollar y aplicar soluciones sostenibles en las infraestructuras de investigaci\u00f3n. Se abordar\u00e1n temas como la gesti\u00f3n de la energ\u00eda, el intercambio de experiencias sobre tecnolog\u00edas energ\u00e9ticamente eficientes, la sostenibilidad en los proyectos de investigaci\u00f3n actuales y el an\u00e1lisis del ciclo de vida de estas infraestructuras. Adem\u00e1s, se fomentar\u00e1 la participaci\u00f3n de estudiantes de doctorado con el fin de implicar a los j\u00f3venes investigadores en estas cuestiones clave para el futuro de la ciencia sostenible.  <\/p>\n<\/div>\n<p>[\/et_pb_text][et_pb_image src=\u00bbhttps:\/\/aseva.es\/wp-content\/uploads\/2024\/08\/Taller-sobre-Energia-para-la-Ciencia-Sostenible.png\u00bb title_text=\u00bbTaller sobre Energ\u00eda para la Ciencia Sostenible\u00bb _builder_version=\u00bb4.27.0&#8243; _module_preset=\u00bbdefault\u00bb global_colors_info=\u00bb{}\u00bb][\/et_pb_image][et_pb_text _builder_version=\u00bb4.27.0&#8243; _module_preset=\u00bbdefault\u00bb global_colors_info=\u00bb{}\u00bb]<\/p>\n<div class=\"et_pb_module et_pb_text et_pb_text_1 et_pb_text_align_left et_pb_bg_layout_light\">\n<p>Los interesados pueden inscribirse en el siguiente enlace:<\/p>\n<\/div>\n<p>[\/et_pb_text][et_pb_button button_url=\u00bbhttps:\/\/agenda.ciemat.es\/event\/4431\/page\/526-registration\u00bb url_new_window=\u00bbon\u00bb button_text=\u00bbInscripci\u00f3n\u00bb _builder_version=\u00bb4.27.0&#8243; _module_preset=\u00bbdefault\u00bb background_layout=\u00bbdark\u00bb hover_enabled=\u00bb0&#8243; global_colors_info=\u00bb{}\u00bb sticky_enabled=\u00bb0&#8243;][\/et_pb_button][\/et_pb_column][\/et_pb_row][\/et_pb_section]<\/p>\n","protected":false},"excerpt":{"rendered":"<p>CIEMAT, en colaboraci\u00f3n con CERN, ESRF, DESY, PSI, ESS y ERF, organizar\u00e1 el S\u00e9ptimo Taller sobre Energ\u00eda para la Ciencia Sostenible en Infraestructuras de Investigaci\u00f3n en Madrid del 25 al [&hellip;]<\/p>\n","protected":false},"author":3,"featured_media":7007,"comment_status":"closed","ping_status":"open","sticky":false,"template":"","format":"standard","meta":{"_et_pb_use_builder":"on","_et_pb_old_content":"","_et_gb_content_width":"","_EventAllDay":false,"_EventTimezone":"","_EventStartDate":"","_EventEndDate":"","_EventStartDateUTC":"","_EventEndDateUTC":"","_EventShowMap":false,"_EventShowMapLink":false,"_EventURL":"","_EventCost":"","_EventCostDescription":"","_EventCurrencySymbol":"","_EventCurrencyCode":"","_EventCurrencyPosition":"","_EventDateTimeSeparator":"","_EventTimeRangeSeparator":"","_EventOrganizerID":[],"_EventVenueID":[],"_OrganizerEmail":"","_OrganizerPhone":"","_OrganizerWebsite":"","_VenueAddress":"","_VenueCity":"","_VenueCountry":"","_VenueProvince":"","_VenueState":"","_VenueZip":"","_VenuePhone":"","_VenueURL":"","_VenueStateProvince":"","_VenueLat":"","_VenueLng":"","_VenueShowMap":false,"_VenueShowMapLink":false,"footnotes":""},"categories":[236],"tags":[],"class_list":["post-7010","post","type-post","status-publish","format-standard","has-post-thumbnail","hentry","category-noticias"],"_links":{"self":[{"href":"https:\/\/aseva.es\/es\/wp-json\/wp\/v2\/posts\/7010","targetHints":{"allow":["GET"]}}],"collection":[{"href":"https:\/\/aseva.es\/es\/wp-json\/wp\/v2\/posts"}],"about":[{"href":"https:\/\/aseva.es\/es\/wp-json\/wp\/v2\/types\/post"}],"author":[{"embeddable":true,"href":"https:\/\/aseva.es\/es\/wp-json\/wp\/v2\/users\/3"}],"replies":[{"embeddable":true,"href":"https:\/\/aseva.es\/es\/wp-json\/wp\/v2\/comments?post=7010"}],"version-history":[{"count":10,"href":"https:\/\/aseva.es\/es\/wp-json\/wp\/v2\/posts\/7010\/revisions"}],"predecessor-version":[{"id":7039,"href":"https:\/\/aseva.es\/es\/wp-json\/wp\/v2\/posts\/7010\/revisions\/7039"}],"wp:featuredmedia":[{"embeddable":true,"href":"https:\/\/aseva.es\/es\/wp-json\/wp\/v2\/media\/7007"}],"wp:attachment":[{"href":"https:\/\/aseva.es\/es\/wp-json\/wp\/v2\/media?parent=7010"}],"wp:term":[{"taxonomy":"category","embeddable":true,"href":"https:\/\/aseva.es\/es\/wp-json\/wp\/v2\/categories?post=7010"},{"taxonomy":"post_tag","embeddable":true,"href":"https:\/\/aseva.es\/es\/wp-json\/wp\/v2\/tags?post=7010"}],"curies":[{"name":"wp","href":"https:\/\/api.w.org\/{rel}","templated":true}]}}