{"id":6952,"date":"2024-04-02T10:07:40","date_gmt":"2024-04-02T08:07:40","guid":{"rendered":"https:\/\/aseva.es\/taller-internacional-de-sintesis-en-superficie-oss24\/"},"modified":"2024-05-12T19:01:30","modified_gmt":"2024-05-12T17:01:30","slug":"taller-internacional-de-sintesis-en-superficie-oss24","status":"publish","type":"post","link":"https:\/\/aseva.es\/es\/taller-internacional-de-sintesis-en-superficie-oss24\/","title":{"rendered":"Taller Internacional de S\u00edntesis en Superficie (OSS24)"},"content":{"rendered":"<p>[et_pb_section fb_built=\u00bb1&#8243; _builder_version=\u00bb4.24.2&#8243; _module_preset=\u00bbdefault\u00bb global_colors_info=\u00bb{}\u00bb][et_pb_row _builder_version=\u00bb4.24.2&#8243; _module_preset=\u00bbdefault\u00bb global_colors_info=\u00bb{}\u00bb][et_pb_column type=\u00bb4_4&#8243; _builder_version=\u00bb4.24.2&#8243; _module_preset=\u00bbdefault\u00bb global_colors_info=\u00bb{}\u00bb][et_pb_text _builder_version=\u00bb4.24.2&#8243; _module_preset=\u00bbdefault\u00bb global_colors_info=\u00bb{}\u00bb]<\/p>\n<div class=\"et_pb_module et_pb_text et_pb_text_1 et_pb_text_align_left et_pb_bg_layout_light\">\n<div class=\"et_pb_text_inner\">\n<p>La s\u00edntesis en superficie, una variante de la qu\u00edmica org\u00e1nica basada en la superficie que suele realizarse al vac\u00edo, a\u00fana la facilidad de ajuste de los materiales moleculares y las promesas del autoensamblaje como m\u00e9todo de producci\u00f3n revolucionario, con la solidez de las estructuras de enlace covalente. Esta atractiva combinaci\u00f3n despierta el inter\u00e9s de un n\u00famero cada vez mayor de investigadores. Se est\u00e1n dedicando importantes esfuerzos a aumentar el conjunto de herramientas de s\u00edntesis en superficie disponibles, a mejorar nuestra comprensi\u00f3n de los mecanismos de reacci\u00f3n qu\u00edmica, a la s\u00edntesis y caracterizaci\u00f3n de nuevas arquitecturas moleculares, as\u00ed como a su implementaci\u00f3n en diversas aplicaciones.<br \/>Dado que este enfoque tiende puentes entre los campos de la qu\u00edmica, la f\u00edsica y la ciencia de los materiales, implicando adem\u00e1s a la ingenier\u00eda para la integraci\u00f3n de estos materiales moleculares en dispositivos reales, el objetivo de esta quinta edici\u00f3n del taller internacional \u00abOn-Surface Synthesis\u00bb (tras OSS14 en Les Houches, OSS16 en San Sebasti\u00e1n, as\u00ed como OSS18 y OSS22 en Sant Feliu de Gu\u00edxols) es reunir a los investigadores que trabajan en este campo desde diferentes perspectivas, te\u00f3rica y experimental, as\u00ed como con puntos de vista qu\u00edmicos, f\u00edsicos y\/o orientados a la aplicaci\u00f3n.<\/p>\n<\/div>\n<\/div>\n<p>[\/et_pb_text][et_pb_button button_url=\u00bbhttps:\/\/aseva.es\/registration-oss-2024\/\u00bb button_text=\u00bbInscripci\u00f3n\u00bb _builder_version=\u00bb4.24.2&#8243; _module_preset=\u00bbdefault\u00bb background_layout=\u00bbdark\u00bb hover_enabled=\u00bb0&#8243; global_colors_info=\u00bb{}\u00bb sticky_enabled=\u00bb0&#8243;][\/et_pb_button][\/et_pb_column][\/et_pb_row][\/et_pb_section]<\/p>\n","protected":false},"excerpt":{"rendered":"<p>La s\u00edntesis en superficie, una variante de la qu\u00edmica org\u00e1nica basada en la superficie que suele realizarse al vac\u00edo, a\u00fana la facilidad de ajuste de los materiales moleculares y las [&hellip;]<\/p>\n","protected":false},"author":3,"featured_media":6836,"comment_status":"closed","ping_status":"open","sticky":false,"template":"","format":"standard","meta":{"_et_pb_use_builder":"on","_et_pb_old_content":"","_et_gb_content_width":"","_EventAllDay":false,"_EventTimezone":"","_EventStartDate":"","_EventEndDate":"","_EventStartDateUTC":"","_EventEndDateUTC":"","_EventShowMap":false,"_EventShowMapLink":false,"_EventURL":"","_EventCost":"","_EventCostDescription":"","_EventCurrencySymbol":"","_EventCurrencyCode":"","_EventCurrencyPosition":"","_EventDateTimeSeparator":"","_EventTimeRangeSeparator":"","_EventOrganizerID":[],"_EventVenueID":[],"_OrganizerEmail":"","_OrganizerPhone":"","_OrganizerWebsite":"","_VenueAddress":"","_VenueCity":"","_VenueCountry":"","_VenueProvince":"","_VenueState":"","_VenueZip":"","_VenuePhone":"","_VenueURL":"","_VenueStateProvince":"","_VenueLat":"","_VenueLng":"","_VenueShowMap":false,"_VenueShowMapLink":false,"footnotes":""},"categories":[232],"tags":[],"class_list":["post-6952","post","type-post","status-publish","format-standard","has-post-thumbnail","hentry","category-evento"],"_links":{"self":[{"href":"https:\/\/aseva.es\/es\/wp-json\/wp\/v2\/posts\/6952","targetHints":{"allow":["GET"]}}],"collection":[{"href":"https:\/\/aseva.es\/es\/wp-json\/wp\/v2\/posts"}],"about":[{"href":"https:\/\/aseva.es\/es\/wp-json\/wp\/v2\/types\/post"}],"author":[{"embeddable":true,"href":"https:\/\/aseva.es\/es\/wp-json\/wp\/v2\/users\/3"}],"replies":[{"embeddable":true,"href":"https:\/\/aseva.es\/es\/wp-json\/wp\/v2\/comments?post=6952"}],"version-history":[{"count":2,"href":"https:\/\/aseva.es\/es\/wp-json\/wp\/v2\/posts\/6952\/revisions"}],"predecessor-version":[{"id":6954,"href":"https:\/\/aseva.es\/es\/wp-json\/wp\/v2\/posts\/6952\/revisions\/6954"}],"wp:featuredmedia":[{"embeddable":true,"href":"https:\/\/aseva.es\/es\/wp-json\/wp\/v2\/media\/6836"}],"wp:attachment":[{"href":"https:\/\/aseva.es\/es\/wp-json\/wp\/v2\/media?parent=6952"}],"wp:term":[{"taxonomy":"category","embeddable":true,"href":"https:\/\/aseva.es\/es\/wp-json\/wp\/v2\/categories?post=6952"},{"taxonomy":"post_tag","embeddable":true,"href":"https:\/\/aseva.es\/es\/wp-json\/wp\/v2\/tags?post=6952"}],"curies":[{"name":"wp","href":"https:\/\/api.w.org\/{rel}","templated":true}]}}